{"id":10034,"date":"2016-08-05T16:48:55","date_gmt":"2016-08-05T16:48:55","guid":{"rendered":"http:\/\/www.retraiteenaction.ca\/club-de-velo\/?p=10034"},"modified":"2017-02-25T17:20:48","modified_gmt":"2017-02-25T17:20:48","slug":"excursion-a-velo-dans-la-region-de-niagara-on-the-lake-2-2","status":"publish","type":"post","link":"https:\/\/www.retraiteenaction.ca\/club-de-velo\/excursion-a-velo-dans-la-region-de-niagara-on-the-lake-2-2\/","title":{"rendered":"\u00c0 v\u00e9lo dans la r\u00e9gion de Niagara-on-the-Lake"},"content":{"rendered":"<p>Le Magazine de Retraite en action a produit un article int\u00e9ressant sur une excursion effectu\u00e9e par ses membres dans la r\u00e9gion de Niagara-on-the-Lake. Cliquez sur le lien pour lire l&rsquo;article:<br \/>\n<a href=\"http:\/\/www.retraiteenaction.ca\/le-magazine\/2016\/07\/26\/excursion-a-velo-dans-la-region-de-niagara-on-the-lake\/\" target=\"_blank\">Excursion-\u00e0-velo-dans-la-r\u00e9gion-de-Niagara-on-the-Lake<\/a><\/p>\n","protected":false},"excerpt":{"rendered":"<p>Le Magazine de Retraite en action a produit un article int\u00e9ressant sur une excursion effectu\u00e9e par ses membres dans la r\u00e9gion de Niagara-on-the-Lake. Cliquez sur le lien pour lire l&rsquo;article: Excursion-\u00e0-velo-dans-la-r\u00e9gion-de-Niagara-on-the-Lake<\/p>\n","protected":false},"author":19,"featured_media":10137,"comment_status":"closed","ping_status":"closed","sticky":false,"template":"","format":"standard","meta":{"_acf_changed":false,"_crdt_document":"","_monsterinsights_skip_tracking":false,"_monsterinsights_sitenote_active":false,"_monsterinsights_sitenote_note":"","_monsterinsights_sitenote_category":0,"footnotes":""},"categories":[2],"tags":[],"class_list":["post-10034","post","type-post","status-publish","format-standard","has-post-thumbnail","hentry","category-club-de-velo","has_thumb"],"acf":[],"aioseo_notices":[],"_links":{"self":[{"href":"https:\/\/www.retraiteenaction.ca\/club-de-velo\/wp-json\/wp\/v2\/posts\/10034","targetHints":{"allow":["GET"]}}],"collection":[{"href":"https:\/\/www.retraiteenaction.ca\/club-de-velo\/wp-json\/wp\/v2\/posts"}],"about":[{"href":"https:\/\/www.retraiteenaction.ca\/club-de-velo\/wp-json\/wp\/v2\/types\/post"}],"author":[{"embeddable":true,"href":"https:\/\/www.retraiteenaction.ca\/club-de-velo\/wp-json\/wp\/v2\/users\/19"}],"replies":[{"embeddable":true,"href":"https:\/\/www.retraiteenaction.ca\/club-de-velo\/wp-json\/wp\/v2\/comments?post=10034"}],"version-history":[{"count":6,"href":"https:\/\/www.retraiteenaction.ca\/club-de-velo\/wp-json\/wp\/v2\/posts\/10034\/revisions"}],"predecessor-version":[{"id":10041,"href":"https:\/\/www.retraiteenaction.ca\/club-de-velo\/wp-json\/wp\/v2\/posts\/10034\/revisions\/10041"}],"wp:featuredmedia":[{"embeddable":true,"href":"https:\/\/www.retraiteenaction.ca\/club-de-velo\/wp-json\/wp\/v2\/media\/10137"}],"wp:attachment":[{"href":"https:\/\/www.retraiteenaction.ca\/club-de-velo\/wp-json\/wp\/v2\/media?parent=10034"}],"wp:term":[{"taxonomy":"category","embeddable":true,"href":"https:\/\/www.retraiteenaction.ca\/club-de-velo\/wp-json\/wp\/v2\/categories?post=10034"},{"taxonomy":"post_tag","embeddable":true,"href":"https:\/\/www.retraiteenaction.ca\/club-de-velo\/wp-json\/wp\/v2\/tags?post=10034"}],"curies":[{"name":"wp","href":"https:\/\/api.w.org\/{rel}","templated":true}]}}